{"id":1097,"date":"2024-09-09T18:52:10","date_gmt":"2024-09-09T16:52:10","guid":{"rendered":"http:\/\/szczutowo.pl\/?p=1097"},"modified":"2024-09-09T18:54:04","modified_gmt":"2024-09-09T16:54:04","slug":"rozpoczecie-roku-szkolnego-2024-2025-w-gminie-szczutowo","status":"publish","type":"post","link":"https:\/\/szczutowo.pl\/?p=1097","title":{"rendered":"Rozpocz\u0119cie Roku Szkolnego 2024\/2025 w Gminie Szczutowo"},"content":{"rendered":"\n<p style=\"text-align: justify;\">2 wrze\u015bnia, po dwumiesi\u0119cznej przerwie wakacyjnej, uczniowie ze Szko\u0142y Podstawowej\u00a0 im W\u0142adys\u0142awa St. Reymonta w Szczutowie oraz Szko\u0142y Podstawowej im. Tadeusza Ko\u015bciuszki w G\u00f3jsku uroczy\u015bcie zainaugurowali nowy rok szkolny 2024\/2025.<\/p>\n<p style=\"text-align: justify;\">Dzie\u0144 rozpocz\u0105\u0142 si\u0119 od Mszy \u015awi\u0119tej, po kt\u00f3rej ca\u0142a spo\u0142eczno\u015b\u0107 szkolna zebra\u0142a si\u0119 w salach gimnastycznych obu plac\u00f3wek.<\/p>\n<p style=\"text-align: justify;\">Dyrektorzy szk\u00f3\u0142 serdecznie powitali zebranych, wyra\u017caj\u0105c rado\u015b\u0107 z mo\u017cliwo\u015bci wsp\u00f3lnego rozpoczynania kolejnego etapu edukacyjnego. \u017byczenia, kt\u00f3re pop\u0142yn\u0119\u0142y od dyrekcji skupia\u0142y si\u0119 na osi\u0105ganiu przez uczni\u00f3w sukces\u00f3w edukacyjnych, odkrywaniu pasji i ci\u0105g\u0142ym rozwijaniu zainteresowa\u0144. Nie zabrak\u0142o tak\u017ce s\u0142\u00f3w podzi\u0119kowania dla nauczycieli i rodzic\u00f3w za ich trud i zaanga\u017cowanie w edukacj\u0119 m\u0142odego pokolenia.<\/p>\n<p style=\"text-align: justify;\">Podczas uroczystego rozpocz\u0119cia roku szkolnego 2024\/2025 przedstawiciele organu prowadz\u0105cego szko\u0142y mieli okazj\u0119 wyrazi\u0107 swoje podzi\u0119kowania dla Dyrekcji, Rady Pedagogicznej oraz wszystkich pracownik\u00f3w szk\u00f3\u0142 za zaanga\u017cowanie i po\u015bwi\u0119cenie, kt\u00f3re wykazuj\u0105 na co dzie\u0144, dbaj\u0105c o wysoki standard edukacji i rozw\u00f3j uczni\u00f3w. Z\u0142o\u017cyli r\u00f3wnie\u017c \u017cyczenia wszystkim uczniom, nauczycielom i rodzicom, aby nadchodz\u0105cy rok szkolny obfitowa\u0142 w sukcesy, nowe odkrycia i rozwijanie pasji. Nauczyciele przyj\u0119li \u017cyczenia cierpliwo\u015bci i satysfakcji z pracy, a rodzice cierpliwo\u015bci i wytrwa\u0142o\u015bci w towarzyszeniu swoim dzieciom na ich edukacyjnej drodze, a tak\u017ce dumy z ka\u017cdego ich osi\u0105gni\u0119cia.<\/p>\n<p style=\"text-align: justify;\">Przewodnicz\u0105cy Rady Gminy w Szczutowie, przedstawi\u0142 nowy projekt edukacyjny &#8222;Aktywna Szko\u0142a&#8221;. Inicjatywa ta obejmuje bezp\u0142atne lekcje nauki jazdy na rolkach dla dzieci i doros\u0142ych, co ma na celu nie tylko rozw\u00f3j fizyczny uczestnik\u00f3w, ale r\u00f3wnie\u017c integracj\u0119 spo\u0142eczno\u015bci lokalnej.<\/p>\n<p style=\"text-align: justify;\">Rok szkolny 2024\/2025 w Gminie Szczutowo zapowiada si\u0119 jako pe\u0142en wyzwa\u0144, ale r\u00f3wnie\u017c du\u017cych mo\u017cliwo\u015bci dla wszystkich uczni\u00f3w.<\/p>\n\n\n\n<figure class=\"wp-block-gallery has-nested-images columns-default is-cropped wp-block-gallery-1 is-layout-flex wp-block-gallery-is-layout-flex\">\n<figure class=\"wp-block-image size-large\"><img fetchpriority=\"high\" decoding=\"async\" width=\"1024\" height=\"682\" data-id=\"1103\" src=\"http:\/\/szczutowo.pl\/wp-content\/uploads\/2024\/09\/rsz-202402-1024x682.jpg\" alt=\"\" class=\"wp-image-1103\" srcset=\"https:\/\/szczutowo.pl\/wp-content\/uploads\/2024\/09\/rsz-202402-1024x682.jpg 1024w, https:\/\/szczutowo.pl\/wp-content\/uploads\/2024\/09\/rsz-202402-300x200.jpg 300w, https:\/\/szczutowo.pl\/wp-content\/uploads\/2024\/09\/rsz-202402-768x512.jpg 768w, https:\/\/szczutowo.pl\/wp-content\/uploads\/2024\/09\/rsz-202402.jpg 1400w\" sizes=\"(max-width: 1024px) 100vw, 1024px\" \/><\/figure>\n\n\n\n<figure class=\"wp-block-image size-large\"><img decoding=\"async\" width=\"1024\" height=\"682\" data-id=\"1104\" src=\"http:\/\/szczutowo.pl\/wp-content\/uploads\/2024\/09\/rsz-202403-1024x682.jpg\" alt=\"\" class=\"wp-image-1104\" srcset=\"https:\/\/szczutowo.pl\/wp-content\/uploads\/2024\/09\/rsz-202403-1024x682.jpg 1024w, https:\/\/szczutowo.pl\/wp-content\/uploads\/2024\/09\/rsz-202403-300x200.jpg 300w, https:\/\/szczutowo.pl\/wp-content\/uploads\/2024\/09\/rsz-202403-768x512.jpg 768w, https:\/\/szczutowo.pl\/wp-content\/uploads\/2024\/09\/rsz-202403.jpg 1400w\" sizes=\"(max-width: 1024px) 100vw, 1024px\" \/><\/figure>\n\n\n\n<figure class=\"wp-block-image size-large\"><img decoding=\"async\" width=\"1024\" height=\"682\" data-id=\"1105\" src=\"http:\/\/szczutowo.pl\/wp-content\/uploads\/2024\/09\/rsz-202404-1024x682.jpg\" alt=\"\" class=\"wp-image-1105\" srcset=\"https:\/\/szczutowo.pl\/wp-content\/uploads\/2024\/09\/rsz-202404-1024x682.jpg 1024w, https:\/\/szczutowo.pl\/wp-content\/uploads\/2024\/09\/rsz-202404-300x200.jpg 300w, https:\/\/szczutowo.pl\/wp-content\/uploads\/2024\/09\/rsz-202404-768x512.jpg 768w, https:\/\/szczutowo.pl\/wp-content\/uploads\/2024\/09\/rsz-202404.jpg 1400w\" sizes=\"(max-width: 1024px) 100vw, 1024px\" \/><\/figure>\n\n\n\n<figure class=\"wp-block-image size-large\"><img loading=\"lazy\" decoding=\"async\" width=\"1024\" height=\"768\" data-id=\"1107\" src=\"http:\/\/szczutowo.pl\/wp-content\/uploads\/2024\/09\/rsz-202405-1024x768.jpg\" alt=\"\" class=\"wp-image-1107\" srcset=\"https:\/\/szczutowo.pl\/wp-content\/uploads\/2024\/09\/rsz-202405-1024x768.jpg 1024w, https:\/\/szczutowo.pl\/wp-content\/uploads\/2024\/09\/rsz-202405-300x225.jpg 300w, https:\/\/szczutowo.pl\/wp-content\/uploads\/2024\/09\/rsz-202405-768x576.jpg 768w, https:\/\/szczutowo.pl\/wp-content\/uploads\/2024\/09\/rsz-202405-1536x1152.jpg 1536w, https:\/\/szczutowo.pl\/wp-content\/uploads\/2024\/09\/rsz-202405.jpg 2048w\" sizes=\"(max-width: 1024px) 100vw, 1024px\" \/><\/figure>\n\n\n\n<figure class=\"wp-block-image size-large\"><img loading=\"lazy\" decoding=\"async\" width=\"1024\" height=\"768\" data-id=\"1106\" src=\"http:\/\/szczutowo.pl\/wp-content\/uploads\/2024\/09\/rsz-202406-1024x768.jpg\" alt=\"\" class=\"wp-image-1106\" srcset=\"https:\/\/szczutowo.pl\/wp-content\/uploads\/2024\/09\/rsz-202406-1024x768.jpg 1024w, https:\/\/szczutowo.pl\/wp-content\/uploads\/2024\/09\/rsz-202406-300x225.jpg 300w, https:\/\/szczutowo.pl\/wp-content\/uploads\/2024\/09\/rsz-202406-768x576.jpg 768w, https:\/\/szczutowo.pl\/wp-content\/uploads\/2024\/09\/rsz-202406-1536x1152.jpg 1536w, https:\/\/szczutowo.pl\/wp-content\/uploads\/2024\/09\/rsz-202406.jpg 2048w\" sizes=\"(max-width: 1024px) 100vw, 1024px\" \/><\/figure>\n\n\n\n<figure class=\"wp-block-image size-large\"><img loading=\"lazy\" decoding=\"async\" width=\"1024\" height=\"768\" data-id=\"1108\" src=\"http:\/\/szczutowo.pl\/wp-content\/uploads\/2024\/09\/rsz-202407-1024x768.jpg\" alt=\"\" class=\"wp-image-1108\" srcset=\"https:\/\/szczutowo.pl\/wp-content\/uploads\/2024\/09\/rsz-202407-1024x768.jpg 1024w, https:\/\/szczutowo.pl\/wp-content\/uploads\/2024\/09\/rsz-202407-300x225.jpg 300w, https:\/\/szczutowo.pl\/wp-content\/uploads\/2024\/09\/rsz-202407-768x576.jpg 768w, https:\/\/szczutowo.pl\/wp-content\/uploads\/2024\/09\/rsz-202407-1536x1152.jpg 1536w, https:\/\/szczutowo.pl\/wp-content\/uploads\/2024\/09\/rsz-202407.jpg 1945w\" sizes=\"(max-width: 1024px) 100vw, 1024px\" \/><\/figure>\n\n\n\n<figure class=\"wp-block-image size-large\"><img loading=\"lazy\" decoding=\"async\" width=\"768\" height=\"1024\" data-id=\"1109\" src=\"http:\/\/szczutowo.pl\/wp-content\/uploads\/2024\/09\/rsz-202408-768x1024.jpg\" alt=\"\" class=\"wp-image-1109\" srcset=\"https:\/\/szczutowo.pl\/wp-content\/uploads\/2024\/09\/rsz-202408-768x1024.jpg 768w, https:\/\/szczutowo.pl\/wp-content\/uploads\/2024\/09\/rsz-202408-225x300.jpg 225w, https:\/\/szczutowo.pl\/wp-content\/uploads\/2024\/09\/rsz-202408-1152x1536.jpg 1152w, https:\/\/szczutowo.pl\/wp-content\/uploads\/2024\/09\/rsz-202408.jpg 1536w\" sizes=\"(max-width: 768px) 100vw, 768px\" \/><\/figure>\n<\/figure>\n","protected":false},"excerpt":{"rendered":"<p>2 wrze\u015bnia, po dwumiesi\u0119cznej przerwie wakacyjnej, uczniowie ze Szko\u0142y Podstawowej\u00a0 im W\u0142adys\u0142awa St. Reymonta w Szczutowie oraz Szko\u0142y Podstawowej im. Tadeusza Ko\u015bciuszki w G\u00f3jsku uroczy\u015bcie&hellip; <a class=\"continue\" href=\"https:\/\/szczutowo.pl\/?p=1097\">Czytaj wi\u0119cej<span> Rozpocz\u0119cie Roku Szkolnego 2024\/2025 w Gminie Szczutowo<\/span><\/a><\/p>\n","protected":false},"author":1,"featured_media":1098,"comment_status":"closed","ping_status":"closed","sticky":false,"template":"","format":"standard","meta":{"_acf_changed":false,"footnotes":""},"categories":[3],"tags":[39],"class_list":["post-1097","post","type-post","status-publish","format-standard","has-post-thumbnail","hentry","category-aktualnosci","tag-edukacja"],"acf":[],"_links":{"self":[{"href":"https:\/\/szczutowo.pl\/index.php?rest_route=\/wp\/v2\/posts\/1097","targetHints":{"allow":["GET"]}}],"collection":[{"href":"https:\/\/szczutowo.pl\/index.php?rest_route=\/wp\/v2\/posts"}],"about":[{"href":"https:\/\/szczutowo.pl\/index.php?rest_route=\/wp\/v2\/types\/post"}],"author":[{"embeddable":true,"href":"https:\/\/szczutowo.pl\/index.php?rest_route=\/wp\/v2\/users\/1"}],"replies":[{"embeddable":true,"href":"https:\/\/szczutowo.pl\/index.php?rest_route=%2Fwp%2Fv2%2Fcomments&post=1097"}],"version-history":[{"count":3,"href":"https:\/\/szczutowo.pl\/index.php?rest_route=\/wp\/v2\/posts\/1097\/revisions"}],"predecessor-version":[{"id":1110,"href":"https:\/\/szczutowo.pl\/index.php?rest_route=\/wp\/v2\/posts\/1097\/revisions\/1110"}],"wp:featuredmedia":[{"embeddable":true,"href":"https:\/\/szczutowo.pl\/index.php?rest_route=\/wp\/v2\/media\/1098"}],"wp:attachment":[{"href":"https:\/\/szczutowo.pl\/index.php?rest_route=%2Fwp%2Fv2%2Fmedia&parent=1097"}],"wp:term":[{"taxonomy":"category","embeddable":true,"href":"https:\/\/szczutowo.pl\/index.php?rest_route=%2Fwp%2Fv2%2Fcategories&post=1097"},{"taxonomy":"post_tag","embeddable":true,"href":"https:\/\/szczutowo.pl\/index.php?rest_route=%2Fwp%2Fv2%2Ftags&post=1097"}],"curies":[{"name":"wp","href":"https:\/\/api.w.org\/{rel}","templated":true}]}}