{"id":2290,"date":"2025-09-13T13:12:58","date_gmt":"2025-09-13T11:12:58","guid":{"rendered":"https:\/\/szczutowo.pl\/?p=2290"},"modified":"2025-09-13T13:15:38","modified_gmt":"2025-09-13T11:15:38","slug":"koncert-zespolu-mazowsze-w-szczutowie","status":"publish","type":"post","link":"https:\/\/szczutowo.pl\/?p=2290","title":{"rendered":"Koncert Zespo\u0142u \u201eMazowsze\u201d w Szczutowie!"},"content":{"rendered":"\n<p data-start=\"55\" data-end=\"207\">Gmina Szczutowo serdecznie zaprasza na wyj\u0105tkowy <strong data-start=\"104\" data-end=\"170\">koncert Pa\u0144stwowego Zespo\u0142u Ludowego Pie\u015bni i Ta\u0144ca \u201eMazowsze\u201d<\/strong> pn. <strong data-start=\"175\" data-end=\"204\">\u201eKalejdoskop Barw Polski\u201d<\/strong>.<\/p>\n<p data-start=\"209\" data-end=\"349\">\ud83d\udcc5 <strong data-start=\"212\" data-end=\"244\">20 wrze\u015bnia 2025 r. (sobota)<\/strong><br data-start=\"244\" data-end=\"247\" \/>\ud83d\udd55 <strong data-start=\"250\" data-end=\"265\">godz. 18:00<\/strong><br data-start=\"265\" data-end=\"268\" \/>\ud83d\udccd <strong data-start=\"271\" data-end=\"347\">Boisko przy Szkole Podstawowej im. St. Reymonta, ul. Lipowa 2, Szczutowo<\/strong><\/p>\n<p data-start=\"351\" data-end=\"368\">\ud83d\udc49 Wst\u0119p wolny!<\/p>\n<p data-start=\"370\" data-end=\"394\">Na koncert zapraszaj\u0105:<\/p>\n<ul data-start=\"395\" data-end=\"547\">\n<li data-start=\"395\" data-end=\"451\">\n<p data-start=\"397\" data-end=\"451\">Marsza\u0142ek Wojew\u00f3dztwa Mazowieckiego <strong data-start=\"433\" data-end=\"449\">Adam Struzik<\/strong><\/p>\n<\/li>\n<li data-start=\"452\" data-end=\"497\">\n<p data-start=\"454\" data-end=\"497\">W\u00f3jt Gminy Szczutowo <strong data-start=\"475\" data-end=\"495\">Aneta Ruszkowska<\/strong><\/p>\n<\/li>\n<li data-start=\"498\" data-end=\"547\">\n<p data-start=\"500\" data-end=\"547\">Dyrektor PZLPiT \u201eMazowsze\u201d <strong data-start=\"527\" data-end=\"545\">Jacek Boniecki<\/strong><\/p>\n<\/li>\n<\/ul>\n<p data-start=\"549\" data-end=\"623\">Na scenie wyst\u0105pi\u0105: <strong data-start=\"569\" data-end=\"617\">Ch\u00f3r, Balet oraz Orkiestra PZLPiT \u201eMazowsze\u201d<\/strong> \ud83c\udfbc\u2728<\/p>\n<hr data-start=\"625\" data-end=\"628\" \/>\n<p data-start=\"630\" data-end=\"796\">\ud83d\udd16 Wydarzenie odbywa si\u0119 w ramach cyklu koncert\u00f3w z okazji \u201eRoku Tadeusza Sygiety\u0144skiego na Mazowszu\u201d oraz jubileuszu 75-lecia zespo\u0142u \u201eMazowsze\u201d na scenach \u015bwiata.<\/p>\n<p data-start=\"630\" data-end=\"796\">#Mazowsze #KalejdoskopBarwPolski #Koncert #Szczutowo #GminaSzczutowo #Kultura #Folklor #Pie\u015b\u0144 #Taniec #MazowszeNaScenie<\/p>\n\n\n\n\n<div class=\"wp-block-image\">\n<figure class=\"aligncenter size-large\"><img fetchpriority=\"high\" decoding=\"async\" width=\"789\" height=\"1024\" src=\"https:\/\/szczutowo.pl\/wp-content\/uploads\/2025\/09\/plakat_mazowsze_2025-789x1024.jpg\" alt=\"\" class=\"wp-image-2293\" srcset=\"https:\/\/szczutowo.pl\/wp-content\/uploads\/2025\/09\/plakat_mazowsze_2025-789x1024.jpg 789w, https:\/\/szczutowo.pl\/wp-content\/uploads\/2025\/09\/plakat_mazowsze_2025-231x300.jpg 231w, https:\/\/szczutowo.pl\/wp-content\/uploads\/2025\/09\/plakat_mazowsze_2025-768x997.jpg 768w, https:\/\/szczutowo.pl\/wp-content\/uploads\/2025\/09\/plakat_mazowsze_2025.jpg 797w\" sizes=\"(max-width: 789px) 100vw, 789px\" \/><\/figure>\n<\/div>","protected":false},"excerpt":{"rendered":"<p>Gmina Szczutowo serdecznie zaprasza na wyj\u0105tkowy koncert Pa\u0144stwowego Zespo\u0142u Ludowego Pie\u015bni i Ta\u0144ca \u201eMazowsze\u201d pn. \u201eKalejdoskop Barw Polski\u201d. \ud83d\udcc5 20 wrze\u015bnia 2025 r. (sobota)\ud83d\udd55 godz.&hellip; <a class=\"continue\" href=\"https:\/\/szczutowo.pl\/?p=2290\">Czytaj wi\u0119cej<span> Koncert Zespo\u0142u \u201eMazowsze\u201d w Szczutowie!<\/span><\/a><\/p>\n","protected":false},"author":1,"featured_media":2295,"comment_status":"closed","ping_status":"closed","sticky":false,"template":"","format":"standard","meta":{"_acf_changed":false,"footnotes":""},"categories":[3,1],"tags":[17],"class_list":["post-2290","post","type-post","status-publish","format-standard","has-post-thumbnail","hentry","category-aktualnosci","category-zaproszenia","tag-wydarzenie-kulturalne"],"acf":[],"_links":{"self":[{"href":"https:\/\/szczutowo.pl\/index.php?rest_route=\/wp\/v2\/posts\/2290","targetHints":{"allow":["GET"]}}],"collection":[{"href":"https:\/\/szczutowo.pl\/index.php?rest_route=\/wp\/v2\/posts"}],"about":[{"href":"https:\/\/szczutowo.pl\/index.php?rest_route=\/wp\/v2\/types\/post"}],"author":[{"embeddable":true,"href":"https:\/\/szczutowo.pl\/index.php?rest_route=\/wp\/v2\/users\/1"}],"replies":[{"embeddable":true,"href":"https:\/\/szczutowo.pl\/index.php?rest_route=%2Fwp%2Fv2%2Fcomments&post=2290"}],"version-history":[{"count":2,"href":"https:\/\/szczutowo.pl\/index.php?rest_route=\/wp\/v2\/posts\/2290\/revisions"}],"predecessor-version":[{"id":2294,"href":"https:\/\/szczutowo.pl\/index.php?rest_route=\/wp\/v2\/posts\/2290\/revisions\/2294"}],"wp:featuredmedia":[{"embeddable":true,"href":"https:\/\/szczutowo.pl\/index.php?rest_route=\/wp\/v2\/media\/2295"}],"wp:attachment":[{"href":"https:\/\/szczutowo.pl\/index.php?rest_route=%2Fwp%2Fv2%2Fmedia&parent=2290"}],"wp:term":[{"taxonomy":"category","embeddable":true,"href":"https:\/\/szczutowo.pl\/index.php?rest_route=%2Fwp%2Fv2%2Fcategories&post=2290"},{"taxonomy":"post_tag","embeddable":true,"href":"https:\/\/szczutowo.pl\/index.php?rest_route=%2Fwp%2Fv2%2Ftags&post=2290"}],"curies":[{"name":"wp","href":"https:\/\/api.w.org\/{rel}","templated":true}]}}